{"id":1097,"date":"2023-05-12T12:59:54","date_gmt":"2023-05-12T10:59:54","guid":{"rendered":"https:\/\/www.lvbwapk.de\/2023\/05\/12\/regio-2023-suicide-prevention\/"},"modified":"2023-07-01T12:10:17","modified_gmt":"2023-07-01T10:10:17","slug":"regio-2023-suicide-prevention","status":"publish","type":"post","link":"https:\/\/www.lvbwapk.de\/en\/2023\/05\/12\/regio-2023-suicide-prevention\/","title":{"rendered":"Regio 2023: Suicide prevention &#8211; Talking about it can save lives!"},"content":{"rendered":"<p><strong>Technical Lecture:<\/strong><br \/>\n&#8220;Talking about Suicide. Contributions to Understanding and Directions for Dealing.&#8221;<\/p>\n<p><strong>Date: <\/strong>Friday, July 21, 2023<strong><br \/>\n<\/strong><strong>Venue: <\/strong>YMCA House Stuttgart, B\u00fcchsenstra\u00dfe 37, 70174 Stuttgart, Germany<br \/>\n<strong>Conference program: <\/strong><a href=\"https:\/\/www.lvbwapk.de\/emyckywa\/2023\/05\/Regio2023_Flyer.pdf\" target=\"_blank\" rel=\"noopener\">see flyer<\/a><\/p>\n<p>This is a joint event of the Landesverband Gemeindespsychiatrie Baden-W\u00fcrttemberg e. V., the Landesverband Psychiatrie-Erfahrener Baden-W\u00fcrttemberg e. V. and the Landesverband Baden-W\u00fcrttemberg der Angeh\u00f6rigen psychisch erkrankter Menschen e. V.<\/p>\n<p>We succeeded in winning<strong>Dr. J\u00f6rg Breitmaier, <\/strong>Medical Director, Chief Physician of the Clinic for Psychiatry and Psychotherapy, Krankenhaus zum Guten Hirten, Ludwigshafen am Rhein, as a speaker for the <strong>specialist lecture <\/strong>.<\/p>\n<p>We are sure that the important topic of &#8220;suicide prevention&#8221; and the workshop program offered will provide much opportunity for exchange.<\/p>\n<p>For more information on Regio 2023, please see the <a href=\"https:\/\/www.lvbwapk.de\/emyckywa\/2023\/05\/Regio2023_Flyer.pdf\" target=\"_blank\" rel=\"noopener\">flyer<\/a>.<\/p>\n<p><strong>Registration:<br \/>\n<\/strong>Please register for Regio 2023 by June 19, 2023 via <strong><a href=\"https:\/\/www.gemeindepsychiatrie-bw.de\/2023\/03\/regio-2023-2\/\" target=\"_blank\" rel=\"noopener\">the digital registration form<\/a> <\/strong>register.<\/p>\n<p><strong>We are looking forward to meeting you!<\/strong><\/p>\n","protected":false},"excerpt":{"rendered":"<div class=\"mh-excerpt\">Technical Lecture: &#8220;Talking about Suicide. Contributions to Understanding and Directions for Dealing.&#8221; Date: Friday, July 21, 2023 Venue: YMCA House Stuttgart, B\u00fcchsenstra\u00dfe 37, 70174 Stuttgart, Germany Conference program: see flyer This is a joint event <a class=\"mh-excerpt-more\" href=\"https:\/\/www.lvbwapk.de\/en\/2023\/05\/12\/regio-2023-suicide-prevention\/\" title=\"Regio 2023: Suicide prevention &#8211; Talking about it can save lives!\">[&#8230;]<\/a><\/div>\n","protected":false},"author":2,"featured_media":1104,"comment_status":"closed","ping_status":"closed","sticky":false,"template":"","format":"standard","meta":{"footnotes":""},"categories":[52],"tags":[56,58],"class_list":{"0":"post-1097","1":"post","2":"type-post","3":"status-publish","4":"format-standard","5":"has-post-thumbnail","7":"category-events","8":"tag-regio-en","9":"tag-suicide-prevention"},"yoast_head":"\n<title>Regio 2023: Suicide prevention - Talking about it can save lives! - Landesverband Baden-W\u00fcrttemberg der Angeh\u00f6rigen psychisch erkrankter Menschen e. V. (LV BW ApK)<\/title>\n<meta name=\"robots\" content=\"index, follow, max-snippet:-1, max-image-preview:large, max-video-preview:-1\" \/>\n<link rel=\"canonical\" href=\"https:\/\/www.lvbwapk.de\/en\/2023\/05\/12\/regio-2023-suicide-prevention\/\" \/>\n<meta property=\"og:locale\" content=\"en_US\" \/>\n<meta property=\"og:type\" content=\"article\" \/>\n<meta property=\"og:title\" content=\"Regio 2023: Suicide prevention - Talking about it can save lives! - Landesverband Baden-W\u00fcrttemberg der Angeh\u00f6rigen psychisch erkrankter Menschen e. V. (LV BW ApK)\" \/>\n<meta property=\"og:description\" content=\"Technical Lecture: &#8220;Talking about Suicide. Contributions to Understanding and Directions for Dealing.&#8221; Date: Friday, July 21, 2023 Venue: YMCA House Stuttgart, B\u00fcchsenstra\u00dfe 37, 70174 Stuttgart, Germany Conference program: see flyer This is a joint event [...]\" \/>\n<meta property=\"og:url\" content=\"https:\/\/www.lvbwapk.de\/en\/2023\/05\/12\/regio-2023-suicide-prevention\/\" \/>\n<meta property=\"og:site_name\" content=\"Landesverband Baden-W\u00fcrttemberg der Angeh\u00f6rigen psychisch erkrankter Menschen e. V. (LV BW ApK)\" \/>\n<meta property=\"article:published_time\" content=\"2023-05-12T10:59:54+00:00\" \/>\n<meta property=\"article:modified_time\" content=\"2023-07-01T10:10:17+00:00\" \/>\n<meta property=\"og:image\" content=\"https:\/\/www.lvbwapk.de\/emyckywa\/2023\/05\/Regio23_Screenshot-e1683889945702.jpg\" \/>\n\t<meta property=\"og:image:width\" content=\"650\" \/>\n\t<meta property=\"og:image:height\" content=\"420\" \/>\n\t<meta property=\"og:image:type\" content=\"image\/jpeg\" \/>\n<meta name=\"author\" content=\"lvbwapk_admin_91134\" \/>\n<meta name=\"twitter:card\" content=\"summary_large_image\" \/>\n<meta name=\"twitter:label1\" content=\"Written by\" \/>\n\t<meta name=\"twitter:data1\" content=\"lvbwapk_admin_91134\" \/>\n\t<meta name=\"twitter:label2\" content=\"Est. reading time\" \/>\n\t<meta name=\"twitter:data2\" content=\"1 minute\" \/>\n<script type=\"application\/ld+json\" class=\"yoast-schema-graph\">{\"@context\":\"https:\\\/\\\/schema.org\",\"@graph\":[{\"@type\":\"Article\",\"@id\":\"https:\\\/\\\/www.lvbwapk.de\\\/en\\\/2023\\\/05\\\/12\\\/regio-2023-suicide-prevention\\\/#article\",\"isPartOf\":{\"@id\":\"https:\\\/\\\/www.lvbwapk.de\\\/en\\\/2023\\\/05\\\/12\\\/regio-2023-suicide-prevention\\\/\"},\"author\":{\"name\":\"lvbwapk_admin_91134\",\"@id\":\"https:\\\/\\\/www.lvbwapk.de\\\/en\\\/#\\\/schema\\\/person\\\/a1dfe0911519e18e2c4d9363b30077a3\"},\"headline\":\"Regio 2023: Suicide prevention &#8211; Talking about it can save lives!\",\"datePublished\":\"2023-05-12T10:59:54+00:00\",\"dateModified\":\"2023-07-01T10:10:17+00:00\",\"mainEntityOfPage\":{\"@id\":\"https:\\\/\\\/www.lvbwapk.de\\\/en\\\/2023\\\/05\\\/12\\\/regio-2023-suicide-prevention\\\/\"},\"wordCount\":153,\"publisher\":{\"@id\":\"https:\\\/\\\/www.lvbwapk.de\\\/en\\\/#organization\"},\"image\":{\"@id\":\"https:\\\/\\\/www.lvbwapk.de\\\/en\\\/2023\\\/05\\\/12\\\/regio-2023-suicide-prevention\\\/#primaryimage\"},\"thumbnailUrl\":\"https:\\\/\\\/www.lvbwapk.de\\\/wp-content\\\/uploads\\\/2023\\\/05\\\/Regio23_Screenshot-e1693319311175.jpg\",\"keywords\":[\"Regio\",\"Suicide Prevention\"],\"articleSection\":[\"Events\"],\"inLanguage\":\"en-US\"},{\"@type\":\"WebPage\",\"@id\":\"https:\\\/\\\/www.lvbwapk.de\\\/en\\\/2023\\\/05\\\/12\\\/regio-2023-suicide-prevention\\\/\",\"url\":\"https:\\\/\\\/www.lvbwapk.de\\\/en\\\/2023\\\/05\\\/12\\\/regio-2023-suicide-prevention\\\/\",\"name\":\"Regio 2023: Suicide prevention - Talking about it can save lives! - Landesverband Baden-W\u00fcrttemberg der Angeh\u00f6rigen psychisch erkrankter Menschen e. V. (LV BW ApK)\",\"isPartOf\":{\"@id\":\"https:\\\/\\\/www.lvbwapk.de\\\/en\\\/#website\"},\"primaryImageOfPage\":{\"@id\":\"https:\\\/\\\/www.lvbwapk.de\\\/en\\\/2023\\\/05\\\/12\\\/regio-2023-suicide-prevention\\\/#primaryimage\"},\"image\":{\"@id\":\"https:\\\/\\\/www.lvbwapk.de\\\/en\\\/2023\\\/05\\\/12\\\/regio-2023-suicide-prevention\\\/#primaryimage\"},\"thumbnailUrl\":\"https:\\\/\\\/www.lvbwapk.de\\\/wp-content\\\/uploads\\\/2023\\\/05\\\/Regio23_Screenshot-e1693319311175.jpg\",\"datePublished\":\"2023-05-12T10:59:54+00:00\",\"dateModified\":\"2023-07-01T10:10:17+00:00\",\"breadcrumb\":{\"@id\":\"https:\\\/\\\/www.lvbwapk.de\\\/en\\\/2023\\\/05\\\/12\\\/regio-2023-suicide-prevention\\\/#breadcrumb\"},\"inLanguage\":\"en-US\",\"potentialAction\":[{\"@type\":\"ReadAction\",\"target\":[\"https:\\\/\\\/www.lvbwapk.de\\\/en\\\/2023\\\/05\\\/12\\\/regio-2023-suicide-prevention\\\/\"]}]},{\"@type\":\"ImageObject\",\"inLanguage\":\"en-US\",\"@id\":\"https:\\\/\\\/www.lvbwapk.de\\\/en\\\/2023\\\/05\\\/12\\\/regio-2023-suicide-prevention\\\/#primaryimage\",\"url\":\"https:\\\/\\\/www.lvbwapk.de\\\/wp-content\\\/uploads\\\/2023\\\/05\\\/Regio23_Screenshot-e1693319311175.jpg\",\"contentUrl\":\"https:\\\/\\\/www.lvbwapk.de\\\/wp-content\\\/uploads\\\/2023\\\/05\\\/Regio23_Screenshot-e1693319311175.jpg\",\"width\":650,\"height\":420},{\"@type\":\"BreadcrumbList\",\"@id\":\"https:\\\/\\\/www.lvbwapk.de\\\/en\\\/2023\\\/05\\\/12\\\/regio-2023-suicide-prevention\\\/#breadcrumb\",\"itemListElement\":[{\"@type\":\"ListItem\",\"position\":1,\"name\":\"Startseite\",\"item\":\"https:\\\/\\\/www.lvbwapk.de\\\/en\\\/start\\\/\"},{\"@type\":\"ListItem\",\"position\":2,\"name\":\"Regio 2023: Suicide prevention &#8211; Talking about it can save lives!\"}]},{\"@type\":\"WebSite\",\"@id\":\"https:\\\/\\\/www.lvbwapk.de\\\/en\\\/#website\",\"url\":\"https:\\\/\\\/www.lvbwapk.de\\\/en\\\/\",\"name\":\"Landesverband Baden-W\u00fcrttemberg der Angeh\u00f6rigen psychisch erkrankter Menschen e. V. (LV BW ApK)\",\"description\":\"(LV BW ApK)\",\"publisher\":{\"@id\":\"https:\\\/\\\/www.lvbwapk.de\\\/en\\\/#organization\"},\"potentialAction\":[{\"@type\":\"SearchAction\",\"target\":{\"@type\":\"EntryPoint\",\"urlTemplate\":\"https:\\\/\\\/www.lvbwapk.de\\\/en\\\/?s={search_term_string}\"},\"query-input\":{\"@type\":\"PropertyValueSpecification\",\"valueRequired\":true,\"valueName\":\"search_term_string\"}}],\"inLanguage\":\"en-US\"},{\"@type\":\"Organization\",\"@id\":\"https:\\\/\\\/www.lvbwapk.de\\\/en\\\/#organization\",\"name\":\"Landesverband Baden-W\u00fcrttemberg der Angeh\u00f6rigen psychisch erkrankter Menschen e. V. (LV BW ApK)\",\"url\":\"https:\\\/\\\/www.lvbwapk.de\\\/en\\\/\",\"logo\":{\"@type\":\"ImageObject\",\"inLanguage\":\"en-US\",\"@id\":\"https:\\\/\\\/www.lvbwapk.de\\\/en\\\/#\\\/schema\\\/logo\\\/image\\\/\",\"url\":\"https:\\\/\\\/www.lvbwapk.de\\\/wp-content\\\/uploads\\\/2023\\\/02\\\/LVBWApK_Logo_neuV6.jpg\",\"contentUrl\":\"https:\\\/\\\/www.lvbwapk.de\\\/wp-content\\\/uploads\\\/2023\\\/02\\\/LVBWApK_Logo_neuV6.jpg\",\"width\":195,\"height\":162,\"caption\":\"Landesverband Baden-W\u00fcrttemberg der Angeh\u00f6rigen psychisch erkrankter Menschen e. V. (LV BW ApK)\"},\"image\":{\"@id\":\"https:\\\/\\\/www.lvbwapk.de\\\/en\\\/#\\\/schema\\\/logo\\\/image\\\/\"}},{\"@type\":\"Person\",\"@id\":\"https:\\\/\\\/www.lvbwapk.de\\\/en\\\/#\\\/schema\\\/person\\\/a1dfe0911519e18e2c4d9363b30077a3\",\"name\":\"lvbwapk_admin_91134\",\"image\":{\"@type\":\"ImageObject\",\"inLanguage\":\"en-US\",\"@id\":\"https:\\\/\\\/secure.gravatar.com\\\/avatar\\\/dddcef9b056f53169d2af5534c653836f3de1b2060a114253d960d84618da014?s=96&d=mm&r=g\",\"url\":\"https:\\\/\\\/secure.gravatar.com\\\/avatar\\\/dddcef9b056f53169d2af5534c653836f3de1b2060a114253d960d84618da014?s=96&d=mm&r=g\",\"contentUrl\":\"https:\\\/\\\/secure.gravatar.com\\\/avatar\\\/dddcef9b056f53169d2af5534c653836f3de1b2060a114253d960d84618da014?s=96&d=mm&r=g\",\"caption\":\"lvbwapk_admin_91134\"},\"url\":\"https:\\\/\\\/www.lvbwapk.de\\\/en\\\/author\\\/lvbwapk_admin_91134\\\/\"}]}<\/script>\n","yoast_head_json":{"title":"Regio 2023: Suicide prevention - Talking about it can save lives! - Landesverband Baden-W\u00fcrttemberg der Angeh\u00f6rigen psychisch erkrankter Menschen e. V. (LV BW ApK)","robots":{"index":"index","follow":"follow","max-snippet":"max-snippet:-1","max-image-preview":"max-image-preview:large","max-video-preview":"max-video-preview:-1"},"canonical":"https:\/\/www.lvbwapk.de\/en\/2023\/05\/12\/regio-2023-suicide-prevention\/","og_locale":"en_US","og_type":"article","og_title":"Regio 2023: Suicide prevention - Talking about it can save lives! - Landesverband Baden-W\u00fcrttemberg der Angeh\u00f6rigen psychisch erkrankter Menschen e. V. (LV BW ApK)","og_description":"Technical Lecture: &#8220;Talking about Suicide. Contributions to Understanding and Directions for Dealing.&#8221; Date: Friday, July 21, 2023 Venue: YMCA House Stuttgart, B\u00fcchsenstra\u00dfe 37, 70174 Stuttgart, Germany Conference program: see flyer This is a joint event [...]","og_url":"https:\/\/www.lvbwapk.de\/en\/2023\/05\/12\/regio-2023-suicide-prevention\/","og_site_name":"Landesverband Baden-W\u00fcrttemberg der Angeh\u00f6rigen psychisch erkrankter Menschen e. V. (LV BW ApK)","article_published_time":"2023-05-12T10:59:54+00:00","article_modified_time":"2023-07-01T10:10:17+00:00","og_image":[{"width":650,"height":420,"url":"https:\/\/www.lvbwapk.de\/emyckywa\/2023\/05\/Regio23_Screenshot-e1683889945702.jpg","type":"image\/jpeg"}],"author":"lvbwapk_admin_91134","twitter_card":"summary_large_image","twitter_misc":{"Written by":"lvbwapk_admin_91134","Est. reading time":"1 minute"},"schema":{"@context":"https:\/\/schema.org","@graph":[{"@type":"Article","@id":"https:\/\/www.lvbwapk.de\/en\/2023\/05\/12\/regio-2023-suicide-prevention\/#article","isPartOf":{"@id":"https:\/\/www.lvbwapk.de\/en\/2023\/05\/12\/regio-2023-suicide-prevention\/"},"author":{"name":"lvbwapk_admin_91134","@id":"https:\/\/www.lvbwapk.de\/en\/#\/schema\/person\/a1dfe0911519e18e2c4d9363b30077a3"},"headline":"Regio 2023: Suicide prevention &#8211; Talking about it can save lives!","datePublished":"2023-05-12T10:59:54+00:00","dateModified":"2023-07-01T10:10:17+00:00","mainEntityOfPage":{"@id":"https:\/\/www.lvbwapk.de\/en\/2023\/05\/12\/regio-2023-suicide-prevention\/"},"wordCount":153,"publisher":{"@id":"https:\/\/www.lvbwapk.de\/en\/#organization"},"image":{"@id":"https:\/\/www.lvbwapk.de\/en\/2023\/05\/12\/regio-2023-suicide-prevention\/#primaryimage"},"thumbnailUrl":"https:\/\/www.lvbwapk.de\/emyckywa\/2023\/05\/Regio23_Screenshot-e1693319311175.jpg","keywords":["Regio","Suicide Prevention"],"articleSection":["Events"],"inLanguage":"en-US"},{"@type":"WebPage","@id":"https:\/\/www.lvbwapk.de\/en\/2023\/05\/12\/regio-2023-suicide-prevention\/","url":"https:\/\/www.lvbwapk.de\/en\/2023\/05\/12\/regio-2023-suicide-prevention\/","name":"Regio 2023: Suicide prevention - Talking about it can save lives! - Landesverband Baden-W\u00fcrttemberg der Angeh\u00f6rigen psychisch erkrankter Menschen e. V. (LV BW ApK)","isPartOf":{"@id":"https:\/\/www.lvbwapk.de\/en\/#website"},"primaryImageOfPage":{"@id":"https:\/\/www.lvbwapk.de\/en\/2023\/05\/12\/regio-2023-suicide-prevention\/#primaryimage"},"image":{"@id":"https:\/\/www.lvbwapk.de\/en\/2023\/05\/12\/regio-2023-suicide-prevention\/#primaryimage"},"thumbnailUrl":"https:\/\/www.lvbwapk.de\/emyckywa\/2023\/05\/Regio23_Screenshot-e1693319311175.jpg","datePublished":"2023-05-12T10:59:54+00:00","dateModified":"2023-07-01T10:10:17+00:00","breadcrumb":{"@id":"https:\/\/www.lvbwapk.de\/en\/2023\/05\/12\/regio-2023-suicide-prevention\/#breadcrumb"},"inLanguage":"en-US","potentialAction":[{"@type":"ReadAction","target":["https:\/\/www.lvbwapk.de\/en\/2023\/05\/12\/regio-2023-suicide-prevention\/"]}]},{"@type":"ImageObject","inLanguage":"en-US","@id":"https:\/\/www.lvbwapk.de\/en\/2023\/05\/12\/regio-2023-suicide-prevention\/#primaryimage","url":"https:\/\/www.lvbwapk.de\/emyckywa\/2023\/05\/Regio23_Screenshot-e1693319311175.jpg","contentUrl":"https:\/\/www.lvbwapk.de\/emyckywa\/2023\/05\/Regio23_Screenshot-e1693319311175.jpg","width":650,"height":420},{"@type":"BreadcrumbList","@id":"https:\/\/www.lvbwapk.de\/en\/2023\/05\/12\/regio-2023-suicide-prevention\/#breadcrumb","itemListElement":[{"@type":"ListItem","position":1,"name":"Startseite","item":"https:\/\/www.lvbwapk.de\/en\/start\/"},{"@type":"ListItem","position":2,"name":"Regio 2023: Suicide prevention &#8211; Talking about it can save lives!"}]},{"@type":"WebSite","@id":"https:\/\/www.lvbwapk.de\/en\/#website","url":"https:\/\/www.lvbwapk.de\/en\/","name":"Landesverband Baden-W\u00fcrttemberg der Angeh\u00f6rigen psychisch erkrankter Menschen e. V. (LV BW ApK)","description":"(LV BW ApK)","publisher":{"@id":"https:\/\/www.lvbwapk.de\/en\/#organization"},"potentialAction":[{"@type":"SearchAction","target":{"@type":"EntryPoint","urlTemplate":"https:\/\/www.lvbwapk.de\/en\/?s={search_term_string}"},"query-input":{"@type":"PropertyValueSpecification","valueRequired":true,"valueName":"search_term_string"}}],"inLanguage":"en-US"},{"@type":"Organization","@id":"https:\/\/www.lvbwapk.de\/en\/#organization","name":"Landesverband Baden-W\u00fcrttemberg der Angeh\u00f6rigen psychisch erkrankter Menschen e. V. (LV BW ApK)","url":"https:\/\/www.lvbwapk.de\/en\/","logo":{"@type":"ImageObject","inLanguage":"en-US","@id":"https:\/\/www.lvbwapk.de\/en\/#\/schema\/logo\/image\/","url":"https:\/\/www.lvbwapk.de\/emyckywa\/2023\/02\/LVBWApK_Logo_neuV6.jpg","contentUrl":"https:\/\/www.lvbwapk.de\/emyckywa\/2023\/02\/LVBWApK_Logo_neuV6.jpg","width":195,"height":162,"caption":"Landesverband Baden-W\u00fcrttemberg der Angeh\u00f6rigen psychisch erkrankter Menschen e. V. (LV BW ApK)"},"image":{"@id":"https:\/\/www.lvbwapk.de\/en\/#\/schema\/logo\/image\/"}},{"@type":"Person","@id":"https:\/\/www.lvbwapk.de\/en\/#\/schema\/person\/a1dfe0911519e18e2c4d9363b30077a3","name":"lvbwapk_admin_91134","image":{"@type":"ImageObject","inLanguage":"en-US","@id":"https:\/\/secure.gravatar.com\/avatar\/dddcef9b056f53169d2af5534c653836f3de1b2060a114253d960d84618da014?s=96&d=mm&r=g","url":"https:\/\/secure.gravatar.com\/avatar\/dddcef9b056f53169d2af5534c653836f3de1b2060a114253d960d84618da014?s=96&d=mm&r=g","contentUrl":"https:\/\/secure.gravatar.com\/avatar\/dddcef9b056f53169d2af5534c653836f3de1b2060a114253d960d84618da014?s=96&d=mm&r=g","caption":"lvbwapk_admin_91134"},"url":"https:\/\/www.lvbwapk.de\/en\/author\/lvbwapk_admin_91134\/"}]}},"_links":{"self":[{"href":"https:\/\/www.lvbwapk.de\/en\/wp-json\/wp\/v2\/posts\/1097","targetHints":{"allow":["GET"]}}],"collection":[{"href":"https:\/\/www.lvbwapk.de\/en\/wp-json\/wp\/v2\/posts"}],"about":[{"href":"https:\/\/www.lvbwapk.de\/en\/wp-json\/wp\/v2\/types\/post"}],"author":[{"embeddable":true,"href":"https:\/\/www.lvbwapk.de\/en\/wp-json\/wp\/v2\/users\/2"}],"replies":[{"embeddable":true,"href":"https:\/\/www.lvbwapk.de\/en\/wp-json\/wp\/v2\/comments?post=1097"}],"version-history":[{"count":5,"href":"https:\/\/www.lvbwapk.de\/en\/wp-json\/wp\/v2\/posts\/1097\/revisions"}],"predecessor-version":[{"id":2604,"href":"https:\/\/www.lvbwapk.de\/en\/wp-json\/wp\/v2\/posts\/1097\/revisions\/2604"}],"wp:featuredmedia":[{"embeddable":true,"href":"https:\/\/www.lvbwapk.de\/en\/wp-json\/wp\/v2\/media\/1104"}],"wp:attachment":[{"href":"https:\/\/www.lvbwapk.de\/en\/wp-json\/wp\/v2\/media?parent=1097"}],"wp:term":[{"taxonomy":"category","embeddable":true,"href":"https:\/\/www.lvbwapk.de\/en\/wp-json\/wp\/v2\/categories?post=1097"},{"taxonomy":"post_tag","embeddable":true,"href":"https:\/\/www.lvbwapk.de\/en\/wp-json\/wp\/v2\/tags?post=1097"}],"curies":[{"name":"wp","href":"https:\/\/api.w.org\/{rel}","templated":true}]}}